[{"@context":"https:\/\/schema.org\/","@type":"Article","@id":"https:\/\/www.umtrh.cz\/idealni-zpusob-jak-si-udelat-doma-prijemne-i-behem-veder\/#Article","mainEntityOfPage":"https:\/\/www.umtrh.cz\/idealni-zpusob-jak-si-udelat-doma-prijemne-i-behem-veder\/","headline":"Ide\u00e1ln\u00ed zp\u016fsob, jak si ud\u011blat doma p\u0159\u00edjemn\u011b i b\u011bhem veder","name":"Ide\u00e1ln\u00ed zp\u016fsob, jak si ud\u011blat doma p\u0159\u00edjemn\u011b i b\u011bhem veder","description":"Hodn\u011b lid\u00ed m\u00e1 v l\u00e9t\u011b probl\u00e9my s vysok\u00fdmi venkovn\u00edmi teplotami. P\u0159eci jen se pocen\u00ed nel\u00edb\u00ed asi nikomu,...","datePublished":"2023-05-12","dateModified":"2024-01-29","author":{"@type":"Person","@id":"https:\/\/www.umtrh.cz\/author\/#Person","name":"","url":"https:\/\/www.umtrh.cz\/author\/","identifier":1,"image":{"@type":"ImageObject","@id":"https:\/\/secure.gravatar.com\/avatar\/69bd9b72104e3ccfb6214cbd23cb226f96c6ecf33a2a351fa1d4682235118df3?s=96&d=mm&r=g","url":"https:\/\/secure.gravatar.com\/avatar\/69bd9b72104e3ccfb6214cbd23cb226f96c6ecf33a2a351fa1d4682235118df3?s=96&d=mm&r=g","height":96,"width":96}},"publisher":{"@type":"Organization","name":"umtrh.cz","logo":{"@type":"ImageObject","@id":"\/logo.png","url":"\/logo.png","width":600,"height":60}},"image":{"@type":"ImageObject","@id":"https:\/\/www.umtrh.cz\/wp-content\/uploads\/Klimatizace%20na%20budov%C4%9B_1.jpg","url":"https:\/\/www.umtrh.cz\/wp-content\/uploads\/Klimatizace%20na%20budov%C4%9B_1.jpg","height":0,"width":0},"url":"https:\/\/www.umtrh.cz\/idealni-zpusob-jak-si-udelat-doma-prijemne-i-behem-veder\/","about":["Nakupov\u00e1n\u00ed"],"wordCount":443,"articleBody":"   Hodn\u011b lid\u00ed m\u00e1 v l\u00e9t\u011b probl\u00e9my s vysok\u00fdmi venkovn\u00edmi teplotami. P\u0159eci jen se pocen\u00ed nel\u00edb\u00ed asi nikomu, a p\u0159esn\u011b k tomu v letn\u00edch m\u011bs\u00edc\u00edch doch\u00e1z\u00ed, k perspiraci. Ta je v\u0161ak jen mali\u010dkost\u00ed. Existuje cel\u00e1 \u0159ada jedinc\u016f, kte\u0159\u00ed v letn\u00edch vedrech dok\u00e1\u017e\u00ed sotva popadnout dech. Lidem se toti\u017e i vlivem alergen\u016f zhor\u0161uje jejich astma a obecn\u011b d\u00fdchac\u00ed pot\u00ed\u017ee. Vyhnout se hork\u00fdm letn\u00edm dn\u00edm bez p\u0159est\u011bhov\u00e1n\u00ed na sever nejde, ale p\u0159eci jen je mo\u017en\u00e9 proti nim alespo\u0148 trochu bojovat. T\u00edm nejz\u00e1kladn\u011bj\u0161\u00edm by m\u011bl b\u00fdt pravideln\u00fdm p\u0159\u00edsun vody jak pro n\u00e1s, tak i pro na\u0161e zv\u00ed\u0159ec\u00ed mazl\u00ed\u010dky. Zapom\u00ednat bychom samoz\u0159ejm\u011b nem\u011bli ani na rostliny, je\u017e p\u0159i hork\u00e9m po\u010das\u00ed tak\u00e9 dost\u00e1vaj\u00ed celkem velkou \u010do\u010dku.Zlep\u0161it pitn\u00fd re\u017eim je pochopiteln\u011b nezbytn\u00e9, nikoliv v\u0161ak dosta\u010duj\u00edc\u00ed. K tomu, aby se \u010dlov\u011bk i v parnu c\u00edtil l\u00e9pe a s n\u00edm i v\u0161e \u017eiv\u00e9 v dosahu, je pot\u0159eba p\u0159eci jen ud\u011blat je\u0161t\u011b o jeden pomysln\u00fd krok nav\u00edc a po\u0159\u00eddit si klimatizaci Olomouc. Jej\u00ed pou\u017e\u00edv\u00e1n\u00edm se \u010dlov\u011bku zlep\u0161\u00ed nejen n\u00e1lada, ale \u010dasto i zdravotn\u00ed stav.Moc nespot\u0159ebuj\u00edNen\u00ed pot\u0159eba si kv\u016fli n\u00e1kupu tohoto typu za\u0159\u00edzen\u00ed si br\u00e1t hypot\u00e9ku. Modern\u00ed klimatizace se daj\u00ed koupit u\u017e za hubi\u010dku. Je jasn\u00e9, \u017ee v obchodech se vyskytuj\u00ed i speci\u00e1ln\u00ed verze, kter\u00e9 stoj\u00ed nemal\u00e9 pen\u00edze, av\u0161ak ty nejsou obvykle ur\u010deny pro b\u011b\u017en\u00e9 dom\u00e1cnosti. Pro n\u011b toti\u017e disponuj\u00ed a\u017e p\u0159\u00edli\u0161 vysok\u00fdm v\u00fdkonem, kter\u00fd by \u010dlov\u011bk \u017eij\u00edc\u00ed v byt\u011b 3+1 asi ani nezu\u017eitkoval. Pro norm\u00e1ln\u00ed obydl\u00ed sta\u010d\u00ed zlat\u00fd cenov\u00fd st\u0159ed, kter\u00fd je nejen za dobr\u00e9 pen\u00edze, ale z\u00e1rove\u0148 nen\u00ed ani p\u0159\u00edli\u0161 energeticky n\u00e1ro\u010dn\u00fd. P\u0159i dne\u0161n\u00ed cen\u00e1ch elekt\u0159iny je to vlastnost, kterou ocen\u00ed leckdo.Zdrav\u00ed p\u0159edev\u0161\u00edmJak ji\u017e bylo \u0159e\u010deno v\u00fd\u0161e, mnoho lid\u00ed m\u00e1 na ja\u0159e a v letn\u00edch m\u011bs\u00edc\u00edch pot\u00ed\u017ee s alergiemi. Tito lid\u00e9 jsou obvykle nuceni sed\u011bt doma p\u0159i zav\u0159en\u00fdch oknech, co\u017e je \u010dasto velmi nep\u0159\u00edjemn\u00e9. Ov\u0161em i oni mohou \u017e\u00edt l\u00e9pe, a sice pr\u00e1v\u011b d\u00edky klimatizaci. S jej\u00ed pomoc\u00ed je mo\u017en\u00e9 venkovn\u00ed vzduch dokonale p\u0159efiltrovat a do m\u00edstnosti nevpou\u0161t\u011bt \u017e\u00e1dn\u00e9 alergeny typu prach \u010di pyly.                                                                                                                                                                                                                                                                                                                                                                                          3.6\/5 - (5 votes)        "},{"@context":"https:\/\/schema.org\/","@type":"BreadcrumbList","itemListElement":[{"@type":"ListItem","position":1,"name":"Ide\u00e1ln\u00ed zp\u016fsob, jak si ud\u011blat doma p\u0159\u00edjemn\u011b i b\u011bhem veder","item":"https:\/\/www.umtrh.cz\/idealni-zpusob-jak-si-udelat-doma-prijemne-i-behem-veder\/#breadcrumbitem"}]}]