[{"@context":"https:\/\/schema.org\/","@type":"Article","@id":"https:\/\/www.umtrh.cz\/jake-ma-profesionalni-predseda-svj-povinnosti\/#Article","mainEntityOfPage":"https:\/\/www.umtrh.cz\/jake-ma-profesionalni-predseda-svj-povinnosti\/","headline":"Jak\u00e9 m\u00e1 profesion\u00e1ln\u00ed p\u0159edseda SVJ povinnosti","name":"Jak\u00e9 m\u00e1 profesion\u00e1ln\u00ed p\u0159edseda SVJ povinnosti","description":"V dne\u0161n\u00ed dob\u011b m\u00e1 t\u00e9m\u011b\u0159 ka\u017ed\u00fd panel\u00e1k Spole\u010denstv\u00ed Vlastn\u00edk\u016f Jednotek, zn\u00e1m\u00e9 tak\u00e9 pod zkratkou SVJ, ve kter\u00e9m...","datePublished":"2023-03-20","dateModified":"2023-04-24","author":{"@type":"Person","@id":"https:\/\/www.umtrh.cz\/author\/#Person","name":"","url":"https:\/\/www.umtrh.cz\/author\/","identifier":1,"image":{"@type":"ImageObject","@id":"https:\/\/secure.gravatar.com\/avatar\/69bd9b72104e3ccfb6214cbd23cb226f96c6ecf33a2a351fa1d4682235118df3?s=96&d=mm&r=g","url":"https:\/\/secure.gravatar.com\/avatar\/69bd9b72104e3ccfb6214cbd23cb226f96c6ecf33a2a351fa1d4682235118df3?s=96&d=mm&r=g","height":96,"width":96}},"publisher":{"@type":"Organization","name":"umtrh.cz","logo":{"@type":"ImageObject","@id":"\/logo.png","url":"\/logo.png","width":600,"height":60}},"image":{"@type":"ImageObject","@id":"https:\/\/www.umtrh.cz\/wp-content\/uploads\/predseda3_2.jpg","url":"https:\/\/www.umtrh.cz\/wp-content\/uploads\/predseda3_2.jpg","height":0,"width":0},"url":"https:\/\/www.umtrh.cz\/jake-ma-profesionalni-predseda-svj-povinnosti\/","about":["Byznys"],"wordCount":426,"articleBody":"   V dne\u0161n\u00ed dob\u011b m\u00e1 t\u00e9m\u011b\u0159 ka\u017ed\u00fd panel\u00e1k Spole\u010denstv\u00ed Vlastn\u00edk\u016f Jednotek, zn\u00e1m\u00e9 tak\u00e9 pod zkratkou SVJ, ve kter\u00e9m jsou sdru\u017eeni v\u0161ichni majitel\u00e9 byt\u016f. Ta v podstat\u011b nahradila d\u0159\u00edv\u011bj\u0161\u00ed bytov\u00e1 dru\u017estva, i kdy\u017e n\u011bkde st\u00e1le je\u0161t\u011b najdeme i ta. Ov\u0161em jako ka\u017ed\u00e1 jin\u00e1 organizace, i spole\u010denstv\u00ed vlastn\u00edk\u016f jednotek mus\u00ed m\u00edt sv\u00e9ho p\u0159edsedu. Ten m\u016f\u017ee b\u00fdt bu\u010f zvolen z \u0159ad majitel\u016f byt\u016f, nebo m\u016f\u017ee b\u00fdt najat. Ov\u0161em oba, jak zvolen\u00fd tak i profesion\u00e1ln\u00ed p\u0159edseda SVJ maj\u00ed ur\u010dit\u00e9 povinnosti, kter\u00e9 mus\u00ed plnit. Pokud tomu tak nebude, mohou p\u0159ij\u00edt vysok\u00e9 pokuty a jin\u00e9 postihy od p\u0159\u00edslu\u0161n\u00fdch \u00fa\u0159ad\u016f.V prvn\u00ed \u0159ad\u011b je to veden\u00ed dokumentace a jej\u00ed pravideln\u00e9 zas\u00edl\u00e1n\u00ed na bytov\u00fd \u00fa\u0159ad. Zde je toti\u017e hlavn\u00ed evidence \u010dinnosti SVJ a dohl\u00ed\u017e\u00ed se na to, aby v\u0161e bylo prov\u00e1d\u011bno podle platn\u00fdch z\u00e1kon\u016f. I proto se sem zas\u00edlaj\u00ed nap\u0159\u00edklad z\u00e1pisy z jedn\u00e1n\u00ed. Dal\u0161\u00ed povinnost\u00ed je jedn\u00e1n\u00ed s \u00fa\u0159ady o pat\u0159i\u010dn\u00fdch nap\u0159\u00edklad stavebn\u00edch \u010di jin\u00fdch povolen\u00edch. Ta jsou nutn\u00e1 pro n\u011bkter\u00e9 opravy a \u00fapravy, kter\u00e9 jsou na dom\u011b pot\u0159eba. M\u016f\u017ee se jednat o v\u00fdm\u011bnu v\u00fdtahu, opravu st\u0159echy, v\u00fdm\u011bnu oken ve spole\u010dn\u00fdch prostorech za plastov\u00e1, nebo t\u0159eba zateplen\u00ed fas\u00e1dy. K tomu v\u0161emu pot\u0159ebujete od p\u0159\u00edslu\u0161n\u00fdch \u00fa\u0159ad\u016f souhlas. A je na p\u0159edsedovi, aby podal \u017e\u00e1dost, dodal pot\u0159ebn\u00e9 dokumenty a povolen\u00ed z\u00edskal.S t\u00edm souvis\u00ed i jedn\u00e1n\u00ed se stavebn\u00edmi i jin\u00fdmi firmami, kter\u00e9 budou ony v\u00fd\u0161e zm\u00edn\u011bn\u00e9 pr\u00e1ce prov\u00e1d\u011bt. Je to tak\u00e9 on, kdo s nimi podepisuje smlouvy, a je tedy jeho zodpov\u011bdnost\u00ed se ujistit, \u017ee pro n\u011bj nejsou nev\u00fdhodn\u00e9 a \u017ee odpov\u00eddaj\u00ed tomu, co si p\u0159edstavuje. Zapomenout nelze ani na pravideln\u00e9 sch\u016fze, kter\u00e9 mus\u00ed svol\u00e1vat a na kter\u00fdch se prob\u00edraj\u00ed dan\u00e9 probl\u00e9my a hlasuje se o nich. Zde se toti\u017e mimo jin\u00e9 \u0159e\u0161\u00ed tak\u00e9 nap\u0159\u00edklad \u00fa\u010detnictv\u00ed SVJ a odvody do fondu oprav, ze kter\u00e9ho se pen\u00edze na v\u00fd\u0161e zm\u00edn\u011bn\u00e9 opravy a \u00fapravy berou. Je toho pom\u011brn\u011b dost, a nen\u00ed tedy divu, \u017ee si mnoh\u00e1 SVJ rad\u011bji na tuto pr\u00e1ci najmou profesion\u00e1la. Ten toti\u017e p\u0159esn\u011b v\u00ed, co d\u011bl\u00e1.                                                                                                                                                                                                                                                                                                                                                                                          4.4\/5 - (11 votes)        "},{"@context":"https:\/\/schema.org\/","@type":"BreadcrumbList","itemListElement":[{"@type":"ListItem","position":1,"name":"Jak\u00e9 m\u00e1 profesion\u00e1ln\u00ed p\u0159edseda SVJ povinnosti","item":"https:\/\/www.umtrh.cz\/jake-ma-profesionalni-predseda-svj-povinnosti\/#breadcrumbitem"}]}]