[{"@context":"https:\/\/schema.org\/","@type":"Article","@id":"https:\/\/www.umtrh.cz\/kdo-nam-pomaha-s-elektrinou\/#Article","mainEntityOfPage":"https:\/\/www.umtrh.cz\/kdo-nam-pomaha-s-elektrinou\/","headline":"Kdo n\u00e1m pom\u00e1h\u00e1 s elekt\u0159inou?","name":"Kdo n\u00e1m pom\u00e1h\u00e1 s elekt\u0159inou?","description":"Kdo chce norm\u00e1ln\u011b \u017e\u00edt, pot\u0159ebuje nevyhnuteln\u011b tak\u00e9 elekt\u0159inu. I kdy\u017e je tato neviditeln\u00e1 a bez v\u016fn\u011b a...","datePublished":"2023-12-22","dateModified":"2023-12-22","author":{"@type":"Person","@id":"https:\/\/www.umtrh.cz\/author\/#Person","name":"","url":"https:\/\/www.umtrh.cz\/author\/","identifier":1,"image":{"@type":"ImageObject","@id":"https:\/\/secure.gravatar.com\/avatar\/69bd9b72104e3ccfb6214cbd23cb226f96c6ecf33a2a351fa1d4682235118df3?s=96&d=mm&r=g","url":"https:\/\/secure.gravatar.com\/avatar\/69bd9b72104e3ccfb6214cbd23cb226f96c6ecf33a2a351fa1d4682235118df3?s=96&d=mm&r=g","height":96,"width":96}},"publisher":{"@type":"Organization","name":"umtrh.cz","logo":{"@type":"ImageObject","@id":"\/logo.png","url":"\/logo.png","width":600,"height":60}},"image":{"@type":"ImageObject","@id":"https:\/\/www.umtrh.cz\/wp-content\/uploads\/elll.jpg","url":"https:\/\/www.umtrh.cz\/wp-content\/uploads\/elll.jpg","height":0,"width":0},"url":"https:\/\/www.umtrh.cz\/kdo-nam-pomaha-s-elektrinou\/","about":["Byznys"],"wordCount":399,"articleBody":"       Kdo chce norm\u00e1ln\u011b \u017e\u00edt, pot\u0159ebuje nevyhnuteln\u011b tak\u00e9 elekt\u0159inu. I kdy\u017e je tato neviditeln\u00e1 a bez v\u016fn\u011b a z\u00e1pachu, tak\u017ee by se n\u00e1m mohlo zd\u00e1t, \u017ee takov\u00e9 nic nem\u00e1 velk\u00fd v\u00fdznam, v\u0161ichni v\u00edme, \u017ee skute\u010dnost je p\u0159esn\u011b opa\u010dn\u00e1. \u017de elekt\u0159ina pro n\u00e1s lidi d\u016fle\u017eit\u00e1 je, a to skute\u010dn\u011b hodn\u011b. V\u017edy\u0165 si jenom vezm\u011bme, co v\u0161echno d\u00edky n\u00ed m\u016f\u017eeme my osobn\u011b d\u011blat dejme tomu doma nebo v pr\u00e1ci. Sv\u00edt\u00edme si v naprost\u00e9 v\u011bt\u0161in\u011b p\u0159\u00edpad\u016f jenom elektrick\u00fdmi sv\u011bteln\u00fdmi zdroji, velice \u010dasto pou\u017e\u00edv\u00e1me elekt\u0159inu k oh\u0159evu vody a k va\u0159en\u00ed, mnoz\u00ed z n\u00e1s touto i top\u00ed a pou\u017e\u00edv\u00e1me ji b\u011b\u017en\u011b k pohonu mnoha p\u0159\u00edstroj\u016f a stroj\u016f. A kdybychom elekt\u0159inu nem\u011bli, t\u011b\u017eko bychom to v\u0161echno o\u017eeleli. Ale o\u017eelet bychom to museli. Nebo bychom to v nejhor\u0161\u00edm p\u0159\u00edpad\u011b nahrazovali n\u011b\u010d\u00edm, co by m\u011blo daleko k dokonalosti, jakou n\u00e1m nab\u00edz\u00ed pr\u00e1v\u011b elektrick\u00fd proud.Abychom elekt\u0159inu m\u011bli, pot\u0159ebujeme ale celou slo\u017eitou soustavu, kter\u00e1 n\u00e1m ji v pat\u0159i\u010dn\u00e9 kvalit\u011b p\u0159iv\u00e1d\u00ed a\u017e tam, kde tuto energii pot\u0159ebujeme. A tato se musela nejen vybudovat, ale tak\u00e9 je nezbytn\u00e1 jej\u00ed soustavn\u00e1 \u00fadr\u017eba a prov\u00e1d\u011bn\u00ed pot\u0159ebn\u00fdch \u00faprav a oprav. A i elektrick\u00e1 za\u0159\u00edzen\u00ed by se m\u011bla \u010dasto kontrolovat, aby n\u00e1m v p\u0159\u00edpad\u011b n\u011bjak\u00e9ho selh\u00e1n\u00ed ne\u0161kodila.Abychom toto v\u0161echno m\u011bli, pot\u0159ebujeme tedy elektrik\u00e1\u0159e. Ti to v\u0161echno vybudovali a buduj\u00ed, ti to opravovali a udr\u017eovali a opravuj\u00ed a udr\u017euj\u00ed i nad\u00e1le. A tak\u00e9 prov\u00e1d\u011bj\u00ed nepostradateln\u00e9 elektro revize Praha Technologie budov. Prost\u011b se staraj\u00ed o to, aby v\u0161echno bylo v tom nejlep\u0161\u00edm po\u0159\u00e1dku.A pra\u017e\u0161t\u00ed elektrik\u00e1\u0159i se pochopiteln\u011b nev\u011bnuj\u00ed jenom tomu, co souvis\u00ed bezprost\u0159edn\u011b s elekt\u0159inou. Krom\u011b projekce, poradenstv\u00ed, mont\u00e1\u017e\u00ed, reviz\u00ed, spr\u00e1vy a servisu toho, co je p\u0159\u00edmo elektrick\u00e9, se staraj\u00ed i o kamerov\u00e9 a po\u017e\u00e1rn\u00ed syst\u00e9my, hromosvody, zemn\u011bn\u00ed a spoustu dal\u0161\u00edch d\u016fle\u017eit\u00fdch v\u011bc\u00ed. D\u00edky nim\u017e vedeme daleko jednodu\u0161\u0161\u00ed a spokojen\u011bj\u0161\u00ed civilizovan\u00fd \u017eivot.                                                                                                                                                                                                                                                                                                                                                                                          4.9\/5 - (9 votes)        "},{"@context":"https:\/\/schema.org\/","@type":"BreadcrumbList","itemListElement":[{"@type":"ListItem","position":1,"name":"Kdo n\u00e1m pom\u00e1h\u00e1 s elekt\u0159inou?","item":"https:\/\/www.umtrh.cz\/kdo-nam-pomaha-s-elektrinou\/#breadcrumbitem"}]}]