[{"@context":"https:\/\/schema.org\/","@type":"Blog","@id":"https:\/\/www.umtrh.cz#Blog","headline":"Umtrh","description":"\nJsou internetov\u00e9 nab\u00eddky, na kter\u00e9 se d\u00e1 za v\u0161ech okolnost\u00ed stoprocentn\u011b spolehnout. A jestli jsme na n\u011bco py\u0161n\u00ed, pak na to, \u017ee je tomu tak na na\u0161em webu.","url":"https:\/\/www.umtrh.cz","hasPart":[{"@type":"Article","@id":"https:\/\/www.umtrh.cz\/uspory-s-drevenymi-okny\/","headline":"\u00daspory s d\u0159ev\u011bn\u00fdmi okny","url":"https:\/\/www.umtrh.cz\/uspory-s-drevenymi-okny\/","datePublished":"2024-12-27","dateModified":"2024-12-27","mainEntityOfPage":"https:\/\/www.umtrh.cz\/uspory-s-drevenymi-okny\/","author":{"@type":"Person","@id":"https:\/\/www.umtrh.cz\/author\/#Person","name":"","url":"https:\/\/www.umtrh.cz\/author\/","identifier":1,"image":{"@type":"ImageObject","@id":"https:\/\/secure.gravatar.com\/avatar\/69bd9b72104e3ccfb6214cbd23cb226f96c6ecf33a2a351fa1d4682235118df3?s=96&d=mm&r=g","url":"https:\/\/secure.gravatar.com\/avatar\/69bd9b72104e3ccfb6214cbd23cb226f96c6ecf33a2a351fa1d4682235118df3?s=96&d=mm&r=g","height":96,"width":96}},"publisher":{"@type":"Organization","name":"umtrh.cz","logo":{"@type":"ImageObject","@id":"\/logo.png","url":"\/logo.png","width":600,"height":60}},"image":null,"wordCount":203,"keywords":null},{"@type":"Article","@id":"https:\/\/www.umtrh.cz\/jsme-na-vas-pripraveni\/","headline":"Jsme na v\u00e1s p\u0159ipraven\u00ed","url":"https:\/\/www.umtrh.cz\/jsme-na-vas-pripraveni\/","datePublished":"2024-12-21","dateModified":"2024-12-21","mainEntityOfPage":"https:\/\/www.umtrh.cz\/jsme-na-vas-pripraveni\/","author":{"@type":"Person","@id":"https:\/\/www.umtrh.cz\/author\/#Person","name":"","url":"https:\/\/www.umtrh.cz\/author\/","identifier":1,"image":{"@type":"ImageObject","@id":"https:\/\/secure.gravatar.com\/avatar\/69bd9b72104e3ccfb6214cbd23cb226f96c6ecf33a2a351fa1d4682235118df3?s=96&d=mm&r=g","url":"https:\/\/secure.gravatar.com\/avatar\/69bd9b72104e3ccfb6214cbd23cb226f96c6ecf33a2a351fa1d4682235118df3?s=96&d=mm&r=g","height":96,"width":96}},"publisher":{"@type":"Organization","name":"umtrh.cz","logo":{"@type":"ImageObject","@id":"\/logo.png","url":"\/logo.png","width":600,"height":60}},"image":null,"wordCount":255,"keywords":null},{"@type":"Article","@id":"https:\/\/www.umtrh.cz\/usetri-vase-finance\/","headline":"U\u0161et\u0159\u00ed va\u0161e finance","url":"https:\/\/www.umtrh.cz\/usetri-vase-finance\/","datePublished":"2024-12-13","dateModified":"2024-12-13","mainEntityOfPage":"https:\/\/www.umtrh.cz\/usetri-vase-finance\/","author":{"@type":"Person","@id":"https:\/\/www.umtrh.cz\/author\/#Person","name":"","url":"https:\/\/www.umtrh.cz\/author\/","identifier":1,"image":{"@type":"ImageObject","@id":"https:\/\/secure.gravatar.com\/avatar\/69bd9b72104e3ccfb6214cbd23cb226f96c6ecf33a2a351fa1d4682235118df3?s=96&d=mm&r=g","url":"https:\/\/secure.gravatar.com\/avatar\/69bd9b72104e3ccfb6214cbd23cb226f96c6ecf33a2a351fa1d4682235118df3?s=96&d=mm&r=g","height":96,"width":96}},"publisher":{"@type":"Organization","name":"umtrh.cz","logo":{"@type":"ImageObject","@id":"\/logo.png","url":"\/logo.png","width":600,"height":60}},"image":null,"wordCount":220,"keywords":null},{"@type":"Article","@id":"https:\/\/www.umtrh.cz\/lekarna\/","headline":"L\u00e9k\u00e1rna","url":"https:\/\/www.umtrh.cz\/lekarna\/","datePublished":"2024-12-09","dateModified":"2024-12-09","mainEntityOfPage":"https:\/\/www.umtrh.cz\/lekarna\/","author":{"@type":"Person","@id":"https:\/\/www.umtrh.cz\/author\/#Person","name":"","url":"https:\/\/www.umtrh.cz\/author\/","identifier":1,"image":{"@type":"ImageObject","@id":"https:\/\/secure.gravatar.com\/avatar\/69bd9b72104e3ccfb6214cbd23cb226f96c6ecf33a2a351fa1d4682235118df3?s=96&d=mm&r=g","url":"https:\/\/secure.gravatar.com\/avatar\/69bd9b72104e3ccfb6214cbd23cb226f96c6ecf33a2a351fa1d4682235118df3?s=96&d=mm&r=g","height":96,"width":96}},"publisher":{"@type":"Organization","name":"umtrh.cz","logo":{"@type":"ImageObject","@id":"\/logo.png","url":"\/logo.png","width":600,"height":60}},"image":null,"wordCount":220,"keywords":null},{"@type":"Article","@id":"https:\/\/www.umtrh.cz\/teplakovy-material-se-nenosi-jen-doma\/","headline":"Tepl\u00e1kov\u00fd materi\u00e1l se nenos\u00ed jen doma","url":"https:\/\/www.umtrh.cz\/teplakovy-material-se-nenosi-jen-doma\/","datePublished":"2024-12-02","dateModified":"2024-12-02","mainEntityOfPage":"https:\/\/www.umtrh.cz\/teplakovy-material-se-nenosi-jen-doma\/","author":{"@type":"Person","@id":"https:\/\/www.umtrh.cz\/author\/#Person","name":"","url":"https:\/\/www.umtrh.cz\/author\/","identifier":1,"image":{"@type":"ImageObject","@id":"https:\/\/secure.gravatar.com\/avatar\/69bd9b72104e3ccfb6214cbd23cb226f96c6ecf33a2a351fa1d4682235118df3?s=96&d=mm&r=g","url":"https:\/\/secure.gravatar.com\/avatar\/69bd9b72104e3ccfb6214cbd23cb226f96c6ecf33a2a351fa1d4682235118df3?s=96&d=mm&r=g","height":96,"width":96}},"publisher":{"@type":"Organization","name":"umtrh.cz","logo":{"@type":"ImageObject","@id":"\/logo.png","url":"\/logo.png","width":600,"height":60}},"image":null,"wordCount":242,"keywords":null},{"@type":"Article","@id":"https:\/\/www.umtrh.cz\/oslava-jako-z-pohadky\/","headline":"Oslava jako z poh\u00e1dky","url":"https:\/\/www.umtrh.cz\/oslava-jako-z-pohadky\/","datePublished":"2024-11-30","dateModified":"2024-11-30","mainEntityOfPage":"https:\/\/www.umtrh.cz\/oslava-jako-z-pohadky\/","author":{"@type":"Person","@id":"https:\/\/www.umtrh.cz\/author\/#Person","name":"","url":"https:\/\/www.umtrh.cz\/author\/","identifier":1,"image":{"@type":"ImageObject","@id":"https:\/\/secure.gravatar.com\/avatar\/69bd9b72104e3ccfb6214cbd23cb226f96c6ecf33a2a351fa1d4682235118df3?s=96&d=mm&r=g","url":"https:\/\/secure.gravatar.com\/avatar\/69bd9b72104e3ccfb6214cbd23cb226f96c6ecf33a2a351fa1d4682235118df3?s=96&d=mm&r=g","height":96,"width":96}},"publisher":{"@type":"Organization","name":"umtrh.cz","logo":{"@type":"ImageObject","@id":"\/logo.png","url":"\/logo.png","width":600,"height":60}},"image":{"@type":"ImageObject","@id":"https:\/\/www.umtrh.cz\/wp-content\/uploads\/birthday-party-7361026_640_1.jpg","url":"https:\/\/www.umtrh.cz\/wp-content\/uploads\/birthday-party-7361026_640_1.jpg","height":0,"width":0},"wordCount":549,"keywords":null},{"@type":"Article","@id":"https:\/\/www.umtrh.cz\/nevite-co-dal\/","headline":"Nev\u00edte co d\u00e1l?","url":"https:\/\/www.umtrh.cz\/nevite-co-dal\/","datePublished":"2024-11-26","dateModified":"2024-11-26","mainEntityOfPage":"https:\/\/www.umtrh.cz\/nevite-co-dal\/","author":{"@type":"Person","@id":"https:\/\/www.umtrh.cz\/author\/#Person","name":"","url":"https:\/\/www.umtrh.cz\/author\/","identifier":1,"image":{"@type":"ImageObject","@id":"https:\/\/secure.gravatar.com\/avatar\/69bd9b72104e3ccfb6214cbd23cb226f96c6ecf33a2a351fa1d4682235118df3?s=96&d=mm&r=g","url":"https:\/\/secure.gravatar.com\/avatar\/69bd9b72104e3ccfb6214cbd23cb226f96c6ecf33a2a351fa1d4682235118df3?s=96&d=mm&r=g","height":96,"width":96}},"publisher":{"@type":"Organization","name":"umtrh.cz","logo":{"@type":"ImageObject","@id":"\/logo.png","url":"\/logo.png","width":600,"height":60}},"image":null,"wordCount":230,"keywords":null},{"@type":"Article","@id":"https:\/\/www.umtrh.cz\/prijdte-k-nam-naucit-se-ridit\/","headline":"P\u0159ij\u010fte k n\u00e1m nau\u010dit se \u0159\u00eddit","url":"https:\/\/www.umtrh.cz\/prijdte-k-nam-naucit-se-ridit\/","datePublished":"2024-11-20","dateModified":"2024-11-20","mainEntityOfPage":"https:\/\/www.umtrh.cz\/prijdte-k-nam-naucit-se-ridit\/","author":{"@type":"Person","@id":"https:\/\/www.umtrh.cz\/author\/#Person","name":"","url":"https:\/\/www.umtrh.cz\/author\/","identifier":1,"image":{"@type":"ImageObject","@id":"https:\/\/secure.gravatar.com\/avatar\/69bd9b72104e3ccfb6214cbd23cb226f96c6ecf33a2a351fa1d4682235118df3?s=96&d=mm&r=g","url":"https:\/\/secure.gravatar.com\/avatar\/69bd9b72104e3ccfb6214cbd23cb226f96c6ecf33a2a351fa1d4682235118df3?s=96&d=mm&r=g","height":96,"width":96}},"publisher":{"@type":"Organization","name":"umtrh.cz","logo":{"@type":"ImageObject","@id":"\/logo.png","url":"\/logo.png","width":600,"height":60}},"image":null,"wordCount":218,"keywords":null},{"@type":"Article","@id":"https:\/\/www.umtrh.cz\/kde-jinde-se-ucit-ridit-nez-v-brne\/","headline":"Kde jinde se u\u010dit \u0159\u00eddit ne\u017e v Brn\u011b","url":"https:\/\/www.umtrh.cz\/kde-jinde-se-ucit-ridit-nez-v-brne\/","datePublished":"2024-11-14","dateModified":"2024-11-14","mainEntityOfPage":"https:\/\/www.umtrh.cz\/kde-jinde-se-ucit-ridit-nez-v-brne\/","author":{"@type":"Person","@id":"https:\/\/www.umtrh.cz\/author\/#Person","name":"","url":"https:\/\/www.umtrh.cz\/author\/","identifier":1,"image":{"@type":"ImageObject","@id":"https:\/\/secure.gravatar.com\/avatar\/69bd9b72104e3ccfb6214cbd23cb226f96c6ecf33a2a351fa1d4682235118df3?s=96&d=mm&r=g","url":"https:\/\/secure.gravatar.com\/avatar\/69bd9b72104e3ccfb6214cbd23cb226f96c6ecf33a2a351fa1d4682235118df3?s=96&d=mm&r=g","height":96,"width":96}},"publisher":{"@type":"Organization","name":"umtrh.cz","logo":{"@type":"ImageObject","@id":"\/logo.png","url":"\/logo.png","width":600,"height":60}},"image":null,"wordCount":251,"keywords":null},{"@type":"Article","@id":"https:\/\/www.umtrh.cz\/zazitek-pro-dceru\/","headline":"Z\u00e1\u017eitek pro dceru","url":"https:\/\/www.umtrh.cz\/zazitek-pro-dceru\/","datePublished":"2024-11-10","dateModified":"2024-11-10","mainEntityOfPage":"https:\/\/www.umtrh.cz\/zazitek-pro-dceru\/","author":{"@type":"Person","@id":"https:\/\/www.umtrh.cz\/author\/#Person","name":"","url":"https:\/\/www.umtrh.cz\/author\/","identifier":1,"image":{"@type":"ImageObject","@id":"https:\/\/secure.gravatar.com\/avatar\/69bd9b72104e3ccfb6214cbd23cb226f96c6ecf33a2a351fa1d4682235118df3?s=96&d=mm&r=g","url":"https:\/\/secure.gravatar.com\/avatar\/69bd9b72104e3ccfb6214cbd23cb226f96c6ecf33a2a351fa1d4682235118df3?s=96&d=mm&r=g","height":96,"width":96}},"publisher":{"@type":"Organization","name":"umtrh.cz","logo":{"@type":"ImageObject","@id":"\/logo.png","url":"\/logo.png","width":600,"height":60}},"image":{"@type":"ImageObject","@id":"https:\/\/www.umtrh.cz\/wp-content\/uploads\/summertime-1845227_640_3.jpg","url":"https:\/\/www.umtrh.cz\/wp-content\/uploads\/summertime-1845227_640_3.jpg","height":0,"width":0},"wordCount":674,"keywords":null}]},{"@context":"https:\/\/schema.org","@type":"WebSite","@id":"https:\/\/www.umtrh.cz\/#website","name":"Umtrh","url":"https:\/\/www.umtrh.cz","potentialAction":{"@type":"SearchAction","target":"https:\/\/www.umtrh.cz\/?s={search_term_string}","query-input":"required name=search_term_string"}}]