[{"@context":"https:\/\/schema.org\/","@type":"Article","@id":"https:\/\/www.umtrh.cz\/prvni-oblecky-pro-nase-miminko\/#Article","mainEntityOfPage":"https:\/\/www.umtrh.cz\/prvni-oblecky-pro-nase-miminko\/","headline":"Prvn\u00ed oble\u010dky pro na\u0161e miminko","name":"Prvn\u00ed oble\u010dky pro na\u0161e miminko","description":"P\u0159i v\u00fdb\u011bru oble\u010den\u00ed a ve\u0161ker\u00e9 ostatn\u00ed v\u00fdbavy pro miminko je nutn\u00e9 db\u00e1t p\u0159edev\u0161\u00edm na jeho kvalitu. Pokud...","datePublished":"2019-06-08","dateModified":"2019-06-08","author":{"@type":"Person","@id":"https:\/\/www.umtrh.cz\/author\/#Person","name":"","url":"https:\/\/www.umtrh.cz\/author\/","identifier":1,"image":{"@type":"ImageObject","@id":"https:\/\/secure.gravatar.com\/avatar\/69bd9b72104e3ccfb6214cbd23cb226f96c6ecf33a2a351fa1d4682235118df3?s=96&d=mm&r=g","url":"https:\/\/secure.gravatar.com\/avatar\/69bd9b72104e3ccfb6214cbd23cb226f96c6ecf33a2a351fa1d4682235118df3?s=96&d=mm&r=g","height":96,"width":96}},"publisher":{"@type":"Organization","name":"umtrh.cz","logo":{"@type":"ImageObject","@id":"\/logo.png","url":"\/logo.png","width":600,"height":60}},"image":{"@type":"ImageObject","@id":"https:\/\/www.umtrh.cz\/wp-content\/uploads\/img_a350446_w1700_t1565265503.png","url":"https:\/\/www.umtrh.cz\/wp-content\/uploads\/img_a350446_w1700_t1565265503.png","height":0,"width":0},"url":"https:\/\/www.umtrh.cz\/prvni-oblecky-pro-nase-miminko\/","video":{"@context":"http:\/\/schema.org\/","@type":"VideoObject","@id":"https:\/\/www.youtube.com\/watch?v=klWK7vz29no#VideoObject","contentUrl":"https:\/\/www.youtube.com\/watch?v=klWK7vz29no","name":"\ud83d\udc76\ud83c\udffcOble\u010dky pro miminko\ud83c\udf38","description":"","thumbnailUrl":["https:\/\/i.ytimg.com\/vi\/klWK7vz29no\/default.jpg","https:\/\/i.ytimg.com\/vi\/klWK7vz29no\/mqdefault.jpg","https:\/\/i.ytimg.com\/vi\/klWK7vz29no\/hqdefault.jpg","https:\/\/i.ytimg.com\/vi\/klWK7vz29no\/sddefault.jpg","https:\/\/i.ytimg.com\/vi\/klWK7vz29no\/maxresdefault.jpg"],"uploadDate":"2019-04-09T16:47:54+00:00","duration":"PT5M33S","embedUrl":"https:\/\/www.youtube.com\/embed\/klWK7vz29no","publisher":{"@type":"Organization","@id":"https:\/\/www.youtube.com\/channel\/UC6RGMD_EHVlvSpXWRwop41Q#Organization","url":"https:\/\/www.youtube.com\/channel\/UC6RGMD_EHVlvSpXWRwop41Q","name":"Pavlinna17","description":"\nAhoj! Jsem Pavlinna \u2013 maminka t\u0159\u00ed princezen \u017eij\u00edc\u00ed mezi \u010ceskem a \u0160v\u00fdcarskem.\nNa m\u00e9m kan\u00e1le najde\u0161 DIY n\u00e1pady, inspiraci pro ka\u017edodenn\u00ed \u017eivot, m\u00f3du, tanec, radost a motivaci.\n\nTvo\u0159\u00edm srdcem \u2013 a\u0165 u\u017e jde o tipy na d\u00e1rky, z\u00e1bavn\u00e1 videa nebo kousky z m\u00e9ho \u017eivota.\nBudu r\u00e1da, kdy\u017e tady najde\u0161 kousek sv\u011btla i pro sebe.\nP\u0159idej se, a\u0165 tvo\u0159\u00edme tuhle kr\u00e1snou komunitu spole\u010dn\u011b!\n\nInstagram: @pavlinna17","logo":{"url":"https:\/\/yt3.ggpht.com\/ytc\/AIdro_mPhJO6LvDXK5V1YKvCHSnZcLpXpHb2Q7ksHOQxt2awow=s800-c-k-c0x00ffffff-no-rj","width":800,"height":800,"@type":"ImageObject","@id":"https:\/\/www.youtube.com\/watch?v=klWK7vz29no#VideoObject_publisher_logo_ImageObject"}},"potentialAction":{"@type":"SeekToAction","@id":"https:\/\/www.youtube.com\/watch?v=klWK7vz29no#VideoObject_potentialAction","target":"https:\/\/www.youtube.com\/watch?v=klWK7vz29no&t={seek_to_second_number}","startOffset-input":"required name=seek_to_second_number"},"interactionStatistic":[[{"@type":"InteractionCounter","@id":"https:\/\/www.youtube.com\/watch?v=klWK7vz29no#VideoObject_interactionStatistic_WatchAction","interactionType":{"@type":"WatchAction"},"userInteractionCount":17450}],{"@type":"InteractionCounter","@id":"https:\/\/www.youtube.com\/watch?v=klWK7vz29no#VideoObject_interactionStatistic_LikeAction","interactionType":{"@type":"LikeAction"},"userInteractionCount":868}]},"about":["Dovolen\u00e1"],"wordCount":388,"articleBody":"   P\u0159i v\u00fdb\u011bru oble\u010den\u00ed a ve\u0161ker\u00e9 ostatn\u00ed v\u00fdbavy pro miminko je nutn\u00e9 db\u00e1t p\u0159edev\u0161\u00edm na jeho kvalitu. Pokud se ale snoub\u00ed kvalita, vkus a roztomilost, je to p\u0159esn\u011b to, co ka\u017ed\u00e1 maminka od miminkovsk\u00e9ho oble\u010den\u00ed o\u010dek\u00e1v\u00e1. Jestli\u017ee o\u010dek\u00e1v\u00e1te radostnou ud\u00e1lost, ur\u010dit\u011b u\u017e za\u010d\u00edn\u00e1te uva\u017eovat o tom, co je zapot\u0159eb\u00ed nakoupit.   Bude to cht\u00edt n\u011bjak\u00e9 ko\u0161ilky, \u010depi\u010dky, cap\u00e1\u010dky. Bude toho zkr\u00e1tka moc. Kupovat n\u00e1hodn\u011b ka\u017ed\u00fd kousek zvl\u00e1\u0161\u0165 se nevyplat\u00ed zejm\u00e9na ze dvou d\u016fvod\u016f.  Miminko bude vypadat jako z v\u00fdprodeje. Bude m\u00edt na sob\u011b ka\u017ed\u00fd kousek jin\u00fd. Budete zbyte\u010dn\u011b vyhazovat sv\u00e9 finance. Nakoupit celou soupravu se toti\u017e vyplat\u00ed i z ekonomick\u00e9ho hlediska. Kojeneck\u00e9 oble\u010den\u00ed https:\/\/www.kojeneckeobleceni.cz\/, kter\u00e9 tvo\u0159\u00ed cel\u00e9 soupravi\u010dky, obsahuj\u00ed skute\u010dn\u011b v\u0161e pot\u0159ebn\u00e9 a rozhodn\u011b tu nen\u00ed \u017e\u00e1dn\u00e1 zbyte\u010dnost. Jsou vhodn\u00e9 i jako d\u00e1rek pro budouc\u00ed maminku. Pokud se chyst\u00e1te do porodnice uv\u00edtat nov\u00e9ho \u010dlena rodiny sv\u00e9 nebo sv\u00fdch p\u0159\u00e1tel, pak d\u011btsk\u00e1 kojeneck\u00e1 soupravi\u010dka bude rozhodn\u011b lep\u0161\u00ed ne\u017eli n\u00e1ru\u010d kv\u011btin.  Barev i motiv\u016f je nep\u0159ebern\u011b   Oble\u010den\u00ed pro miminka maj\u00ed r\u016fzn\u00e9 druhy potisk\u016f. M\u016f\u017eete vyb\u00edrat mezi obr\u00e1zky a popisy vtipn\u00fdmi anebo roztomil\u00fdmi. V\u017edy jsou ale vkusn\u00e9 a v prvot\u0159\u00eddn\u00ed kvalit\u011b. Vyb\u00edrat lze tak\u00e9 z n\u011bkolika mo\u017en\u00fdch barev.  I p\u0159esto, \u017ee se k n\u00e1m sna\u017e\u00ed proniknout dal\u0161\u00ed americk\u00fd trend, kter\u00fd se jmenuje \u201egenderov\u011b neutr\u00e1ln\u00ed v\u00fdchova\u201c, st\u00e1le vid\u00edte v ko\u010d\u00e1rc\u00edch \u201emodr\u00e1\u201c anebo \u201er\u016f\u017eov\u00e1\u201c miminka. A jist\u011b budeme doufat, \u017ee to vydr\u017e\u00ed je\u0161t\u011b hodn\u011b dlouho.  N\u011bkdy ale m\u016f\u017ee nastat s v\u00fdb\u011brem vhodn\u00e9 barvy trochu probl\u00e9m. A to v p\u0159\u00edpad\u011b, \u017ee si rodi\u010de cht\u011bj\u00ed nechat pohlav\u00ed sv\u00e9ho potomka jako p\u0159ekvapen\u00ed. Do porodnice bude ale oble\u010den\u00ed zapot\u0159eb\u00ed.  \u0158e\u0161en\u00ed je jednoduch\u00e9. Vybere se neutr\u00e1ln\u00ed barva.  V\u011bt\u0161inou to vy\u0159e\u0161\u00ed barva \u017elut\u00e1 \u010di b\u00edl\u00e1. V tomto p\u0159\u00edpad\u011b m\u016f\u017eete vybrat nap\u0159\u00edklad soupravi\u010dku s and\u00edlkem. A k tomu u\u017e opravdu nen\u00ed co dodat.                                                                                                                                                                                                                                                                                                                                                                                           4\/5 - (6 votes)        "},{"@context":"https:\/\/schema.org\/","@type":"BreadcrumbList","itemListElement":[{"@type":"ListItem","position":1,"name":"Prvn\u00ed oble\u010dky pro na\u0161e miminko","item":"https:\/\/www.umtrh.cz\/prvni-oblecky-pro-nase-miminko\/#breadcrumbitem"}]}]